{"id":924,"date":"2016-10-19T18:26:26","date_gmt":"2016-10-19T15:26:26","guid":{"rendered":"https:\/\/usuteadus.ee\/?p=924"},"modified":"2021-10-04T13:23:23","modified_gmt":"2021-10-04T10:23:23","slug":"28-oktoobril-2016-toimub-urmas-petti-malestusele-puhendatud-seminar-teoloogiaharidusest-tartu-ulikoolis-schleiermacherist-religiooniuuringuteni","status":"publish","type":"post","link":"https:\/\/usuteadus.ee\/?p=924&lang=et","title":{"rendered":"28. oktoobril 2016 toimus Urmas Petti m\u00e4lestusele p\u00fchendatud seminar &#8220;Teoloogiaharidusest Tartu \u00dclikoolis &#8211; Schleiermacherist religiooniuuringuteni&#8221;"},"content":{"rendered":"<p>28. oktoobril 2016 toimus Akadeemilise Teoloogia Seltsi ja usuteaduskonna koost\u00f6\u00f6s Urmas Petti m\u00e4lestusele p\u00fchendatud seminar &#8220;Teoloogiaharidusest Tartu \u00dclikoolis &#8211; Schleiermacherist religiooniuuringuteni&#8221;. \u00dcritus toimub&nbsp;Tartu \u00dclikooli usuteaduskonna taasavamise 25. aastap\u00e4evale p\u00fchendatud pidustuste raames<\/p>\n<p>Ajakava:<br \/>\n13:00 \u00d5ppej\u00f5udude haudade k\u00fclastamine Raadi kalmistul.<br \/>\n15:00 Oikumeeniline palvus Tartu Jaani kirikus.<br \/>\n16:00 Tervituskohv Tartu \u00dclikooli peahoone ruumis 227.<br \/>\n16:30 Urmas Petti m\u00e4lestusele p\u00fchendatud seminar &#8220;Teoloogiaharidusest Tartu \u00dclikoolis &#8211; Schleiermacherist religiooniuuringuteni&#8221; Tartu \u00dclikooli peahoone aulas, ettekandjad: Aira V\u00f5sa, Thomas-Andreas P\u00f5der, Anu P\u00f5ldsam.<br \/>\n17:30 Paneeldiskussioon. Osalejad: Marju Lepaj\u00f5e, Toivo Pilli, Ain Riistan, Tauri T\u00f6lpt, Marko Tiitus.<br \/>\nSeminar ja paneeldiskussioon on <a href=\"http:\/\/www.uttv.ee\/naita?id=24865\">j\u00e4relvaadatav&nbsp;siit<\/a>.<br \/>\n19:00 Pidu\u00f5htu s\u00f6\u00f6gi, joogi, pildi, h\u00e4\u00e4le ja hulga muusikaga Eesti \u00dcli\u00f5pilaste Seltsi hoones (J. T\u00f5nissoni 1).<\/p>\n<p>&nbsp;<\/p>\n","protected":false},"excerpt":{"rendered":"<p>28. oktoobril 2016 toimus Akadeemilise Teoloogia Seltsi ja usuteaduskonna koost\u00f6\u00f6s Urmas Petti m\u00e4lestusele p\u00fchendatud seminar &#8220;Teoloogiaharidusest Tartu \u00dclikoolis &#8211; Schleiermacherist religiooniuuringuteni&#8221;. \u00dcritus toimub&nbsp;Tartu \u00dclikooli usuteaduskonna taasavamise 25. aastap\u00e4evale p\u00fchendatud pidustuste raames Ajakava: 13:00 \u00d5ppej\u00f5udude haudade k\u00fclastamine Raadi kalmistul. 15:00 Oikumeeniline <a class=\"more-link\" href=\"https:\/\/usuteadus.ee\/?p=924&#038;lang=et\">Continue reading <span class=\"screen-reader-text\">  28. oktoobril 2016 toimus Urmas Petti m\u00e4lestusele p\u00fchendatud seminar &#8220;Teoloogiaharidusest Tartu \u00dclikoolis &#8211; Schleiermacherist religiooniuuringuteni&#8221;<\/span><span class=\"meta-nav\">&rarr;<\/span><\/a><\/p>\n","protected":false},"author":1,"featured_media":0,"comment_status":"closed","ping_status":"closed","sticky":false,"template":"","format":"standard","meta":{"footnotes":""},"categories":[9,1],"tags":[],"class_list":["post-924","post","type-post","status-publish","format-standard","hentry","category-maaratlemata-et","category-maaratlemata"],"_links":{"self":[{"href":"https:\/\/usuteadus.ee\/index.php?rest_route=\/wp\/v2\/posts\/924","targetHints":{"allow":["GET"]}}],"collection":[{"href":"https:\/\/usuteadus.ee\/index.php?rest_route=\/wp\/v2\/posts"}],"about":[{"href":"https:\/\/usuteadus.ee\/index.php?rest_route=\/wp\/v2\/types\/post"}],"author":[{"embeddable":true,"href":"https:\/\/usuteadus.ee\/index.php?rest_route=\/wp\/v2\/users\/1"}],"replies":[{"embeddable":true,"href":"https:\/\/usuteadus.ee\/index.php?rest_route=%2Fwp%2Fv2%2Fcomments&post=924"}],"version-history":[{"count":3,"href":"https:\/\/usuteadus.ee\/index.php?rest_route=\/wp\/v2\/posts\/924\/revisions"}],"predecessor-version":[{"id":1198,"href":"https:\/\/usuteadus.ee\/index.php?rest_route=\/wp\/v2\/posts\/924\/revisions\/1198"}],"wp:attachment":[{"href":"https:\/\/usuteadus.ee\/index.php?rest_route=%2Fwp%2Fv2%2Fmedia&parent=924"}],"wp:term":[{"taxonomy":"category","embeddable":true,"href":"https:\/\/usuteadus.ee\/index.php?rest_route=%2Fwp%2Fv2%2Fcategories&post=924"},{"taxonomy":"post_tag","embeddable":true,"href":"https:\/\/usuteadus.ee\/index.php?rest_route=%2Fwp%2Fv2%2Ftags&post=924"}],"curies":[{"name":"wp","href":"https:\/\/api.w.org\/{rel}","templated":true}]}}