{"id":1223,"date":"2022-03-09T13:22:05","date_gmt":"2022-03-09T11:22:05","guid":{"rendered":"https:\/\/usuteadus.ee\/?p=1223"},"modified":"2022-03-16T22:01:23","modified_gmt":"2022-03-16T20:01:23","slug":"eesti-akadeemiliste-teadusseltside-poordumine-seoses-kriisiga-ukrainas","status":"publish","type":"post","link":"https:\/\/usuteadus.ee\/?p=1223&lang=et","title":{"rendered":"Eesti akadeemiliste teadusseltside p\u00f6\u00f6rdumine seoses kriisiga Ukrainas"},"content":{"rendered":"\n<p>Eesti akadeemilised seltsid v\u00e4ljendavad oma s\u00fcgavat n\u00f6rdimust Venemaa F\u00f6deratsiooni s\u00f5jalise sissetungi \u00fcle suver\u00e4\u00e4nsesse Ukrainasse. Kujunenud olukord ei j\u00e4ta ruumi illusioonidele, et putinlik imperiaalne moodustis poliitiliselt ja k\u00f5lbeliselt muutuda v\u00f5iks. Oma rahva ajaloolise kogemuse ning erialase kompetentsi p\u00f5hjal teame me h\u00e4sti, mida t\u00e4hendab agressorriigi \u0161ovinism ning tahe l\u00e4mmatada rahvaste iseolemist, enesem\u00e4\u00e4ramist ja vaba m\u00f5tlemist. Venemaa F\u00f6deratsiooni praeguse re\u017eiimi soovi end kehtestada ning \u00fchtlasi ka ta j\u00f5uetust n\u00e4itab vinduvate kriisikollete loomine oma piiridel. N\u00e4eme, et sellest palju enamat ei suudeta korda saata ka Ukrainas. Ometi on s\u00f5da juba praegu toonud miljonitele kaotusi ja kannatusi. V\u00e4ljendame toetust ja soovime kindlameelsust Ukraina akadeemilisele \u00fcldsusele ning kogu rahvale oma riigi ja demokraatlike v\u00e4\u00e4rtuste kaitsel!<\/p>\n\n\n\n<p>Ukraina maa ja rahva suurte kannatuste hinnaga hakkab l\u00e4\u00e4ne heaolu\u00fchiskonnale selgeks saama, kui kaugele on Venemaa F\u00f6deratsioon valmis minema oma autoritaarsete juhtide ambitsioonide nimel. Oleme veendunud, et l\u00e4\u00e4s peab \u00fchte hoidma rohkem kui kunagi varem, olema sellise agressiooni suhtes leppimatu ja seisma \u00fchiselt vastu putinlikule imperialismile. N\u00e4eme praegu l\u00e4\u00e4nes toimuvat kannap\u00f6\u00f6ret Kremli agressiivse tegevuse suhtes. Saame siin oma teadmistest ja kompetentsist l\u00e4htuvalt aidata kaasa l\u00e4\u00e4ne \u00fchiskondliku asjatundlikkuse suurendamisel. Tehkem seda! Oleme alati valmis toetama Ukraina kolleege erialase ning muu n\u00f5u ja j\u00f5uga, n\u00fc\u00fcd ja edaspidi. Akadeemiline vabadus on see, mida v\u00e4givald murda ei saa, kuitahes kriitiline olukord ka ei ole. Hoiame ja kaitseme seda! <\/p>\n\n\n\n<p>9. m\u00e4rtsil 2022<\/p>\n\n\n\n<p><\/p>\n\n\n\n<p>Akadeemiline P\u00f5llumajanduse Selts<\/p>\n\n\n\n<p>Akadeemiline Rahvaluule Selts<\/p>\n\n\n\n<p>Akadeemiline Teoloogia Selts<\/p>\n\n\n\n<p>Eesti Akadeemiline Orientaalselts<\/p>\n\n\n\n<p>Eesti Akadeemiline Usundiloo Selts<\/p>\n\n\n\n<p>Eesti Biokeemia Selts<\/p>\n\n\n\n<p>Eesti F\u00fc\u00fcsika Selts<\/p>\n\n\n\n<p>Eesti Geograafia Selts<\/p>\n\n\n\n<p>Eesti Immunoloogide ja Allergoloogide Selts<\/p>\n\n\n\n<p>Eesti Inimesegeneetika \u00dching<\/p>\n\n\n\n<p>Eesti Inseneride Liit Eesti Keemiaselts<\/p>\n\n\n\n<p>Eesti Kodu-uurimise Selts<\/p>\n\n\n\n<p>Eesti Looduseuurijate Selts<\/p>\n\n\n\n<p>Eesti Majandusteaduse Selts<\/p>\n\n\n\n<p>Eesti Matemaatika Selts<\/p>\n\n\n\n<p>Eesti Muusikateaduse Selts<\/p>\n\n\n\n<p>Eesti Semiootika Selts<\/p>\n\n\n\n<p>Eesti Sotsioloogide Liit<\/p>\n\n\n\n<p>Eesti Teaduslik Selts Rootsis<\/p>\n\n\n\n<p>Eesti Toksikoloogia Selts<\/p>\n\n\n\n<p>Emakeele Selts Teadusajaloo ja Teadusfilosoofia Eesti \u00dchendus<\/p>\n\n\n\n<p>\u00d5petatud Eesti Selts<\/p>\n\n\n\n<p>Toetab Tartu \u00dclikooli usuteaduskond<\/p>\n","protected":false},"excerpt":{"rendered":"<p>Eesti akadeemilised seltsid v\u00e4ljendavad oma s\u00fcgavat n\u00f6rdimust Venemaa F\u00f6deratsiooni s\u00f5jalise sissetungi \u00fcle suver\u00e4\u00e4nsesse Ukrainasse. Kujunenud olukord ei j\u00e4ta ruumi illusioonidele, et putinlik imperiaalne moodustis poliitiliselt ja k\u00f5lbeliselt muutuda v\u00f5iks. Oma rahva ajaloolise kogemuse ning erialase kompetentsi p\u00f5hjal teame me h\u00e4sti, <a class=\"more-link\" href=\"https:\/\/usuteadus.ee\/?p=1223&#038;lang=et\">Continue reading <span class=\"screen-reader-text\">  Eesti akadeemiliste teadusseltside p\u00f6\u00f6rdumine seoses kriisiga Ukrainas<\/span><span class=\"meta-nav\">&rarr;<\/span><\/a><\/p>\n","protected":false},"author":1,"featured_media":0,"comment_status":"closed","ping_status":"closed","sticky":false,"template":"","format":"standard","meta":{"footnotes":""},"categories":[9],"tags":[],"class_list":["post-1223","post","type-post","status-publish","format-standard","hentry","category-maaratlemata-et"],"_links":{"self":[{"href":"https:\/\/usuteadus.ee\/index.php?rest_route=\/wp\/v2\/posts\/1223","targetHints":{"allow":["GET"]}}],"collection":[{"href":"https:\/\/usuteadus.ee\/index.php?rest_route=\/wp\/v2\/posts"}],"about":[{"href":"https:\/\/usuteadus.ee\/index.php?rest_route=\/wp\/v2\/types\/post"}],"author":[{"embeddable":true,"href":"https:\/\/usuteadus.ee\/index.php?rest_route=\/wp\/v2\/users\/1"}],"replies":[{"embeddable":true,"href":"https:\/\/usuteadus.ee\/index.php?rest_route=%2Fwp%2Fv2%2Fcomments&post=1223"}],"version-history":[{"count":4,"href":"https:\/\/usuteadus.ee\/index.php?rest_route=\/wp\/v2\/posts\/1223\/revisions"}],"predecessor-version":[{"id":1229,"href":"https:\/\/usuteadus.ee\/index.php?rest_route=\/wp\/v2\/posts\/1223\/revisions\/1229"}],"wp:attachment":[{"href":"https:\/\/usuteadus.ee\/index.php?rest_route=%2Fwp%2Fv2%2Fmedia&parent=1223"}],"wp:term":[{"taxonomy":"category","embeddable":true,"href":"https:\/\/usuteadus.ee\/index.php?rest_route=%2Fwp%2Fv2%2Fcategories&post=1223"},{"taxonomy":"post_tag","embeddable":true,"href":"https:\/\/usuteadus.ee\/index.php?rest_route=%2Fwp%2Fv2%2Ftags&post=1223"}],"curies":[{"name":"wp","href":"https:\/\/api.w.org\/{rel}","templated":true}]}}